{"id":8892,"date":"2016-09-20T15:23:20","date_gmt":"2016-09-20T17:23:20","guid":{"rendered":"http:\/\/rallikross.ee\/?p=8892"},"modified":"2022-02-04T11:59:57","modified_gmt":"2022-02-04T08:59:57","slug":"barcelonas-voidutses-ekstrom-janno-ligur-seitsmes","status":"publish","type":"post","link":"https:\/\/estrx.eu\/en\/barcelonas-voidutses-ekstrom-janno-ligur-seitsmes\/","title":{"rendered":"Barcelonas v\u00f5idutses Ekstr\u00f6m, Janno Ligur seitsmes"},"content":{"rendered":"<p>\t\t\t\t<strong>16.-.18. septembril s\u00f5ideti Barcelonas FIA World Rallycross Championship presented by Monster Energy MM- ning EM-etapp.<\/strong><\/p>\n<p>Ainukese eestlasena EM-etapil klassis Super1600 oli stardis <strong>Janno Ligur<\/strong>. Esimeses eels\u00f5idus kahjuks kaasv\u00f5istleja s\u00f5idu t\u00f5ttu tuli s\u00f5it katkestada purunenud esisilla t\u00f5ttu, kuid juba teises eels\u00f5idus n\u00e4itas Ligur, mida ta oskab: klassi v\u00f5it. Kolmandast eels\u00f5idust seitsmes ning neljandast kaheksas aeg olid piisavad, et tagada p\u00e4\u00e4s poolfinaali. Poolfinaalis aga pidi Ligur leppima neljanda kohaga, mis aga finaalikohta ei taganud.<\/p>\n<p>Barcelona etapilt tuli Ligurile seitsmes koht. Punktitabelis asub ta viiendal kohal, kuid kolmanda kohaga on vahet vaid 9 punkti.<\/p>\n<table class=\"table table-striped\" cellspacing=\"0\">\n<thead>\n<tr>\n<th>Rank<\/th>\n<th class=\"hide-for-small-only\"><\/th>\n<th>Driver<\/th>\n<th class=\"center hide-for-medium-down\"><img decoding=\"async\" src=\"http:\/\/www.fiaworldrallycross.com\/_img\/_flags\/circ_pt.png\" alt=\"pt\" width=\"35\" \/><br \/>\n1<\/th>\n<th class=\"center hide-for-medium-down\"><img decoding=\"async\" src=\"http:\/\/www.fiaworldrallycross.com\/_img\/_flags\/circ_gb.png\" alt=\"gb\" width=\"35\" \/><br \/>\n2<\/th>\n<th class=\"center hide-for-medium-down\"><img decoding=\"async\" src=\"http:\/\/www.fiaworldrallycross.com\/_img\/_flags\/circ_se.png\" alt=\"se\" width=\"35\" \/><br \/>\n3<\/th>\n<th class=\"center hide-for-medium-down\"><img decoding=\"async\" src=\"http:\/\/www.fiaworldrallycross.com\/_img\/_flags\/circ_fr.png\" alt=\"fr\" width=\"35\" \/><br \/>\n4<\/th>\n<th class=\"center hide-for-medium-down\"><img decoding=\"async\" src=\"http:\/\/www.fiaworldrallycross.com\/_img\/_flags\/circ_es.png\" alt=\"es\" width=\"35\" \/><br \/>\n5<\/th>\n<th class=\"center\">PTS<\/th>\n<th class=\"center hide-for-medium-down\">Pen<\/th>\n<\/tr>\n<\/thead>\n<tbody>\n<tr>\n<td class=\"position\">1<\/td>\n<td class=\"hide-for-small-only\"><img decoding=\"async\" class=\"flag\" src=\"http:\/\/www.fiaworldrallycross.com\/_img\/_flags\/dk.png\" alt=\"\" border=\"0\" \/><\/td>\n<td><span class=\"driver\">ULRIK LINNEMANN<\/span> PEUGEOT 208<\/td>\n<td class=\"center hide-for-medium-down\">23<\/td>\n<td class=\"center hide-for-medium-down\">20<\/td>\n<td class=\"center hide-for-medium-down\">19<\/td>\n<td class=\"center hide-for-medium-down\">22<\/td>\n<td class=\"center hide-for-medium-down\">30<\/td>\n<td class=\"points\">114<\/td>\n<td class=\"center hide-for-medium-down\"><\/td>\n<\/tr>\n<tr>\n<td class=\"position\">2<\/td>\n<td class=\"hide-for-small-only\"><img decoding=\"async\" class=\"flag\" src=\"http:\/\/www.fiaworldrallycross.com\/_img\/_flags\/hu.png\" alt=\"\" border=\"0\" \/><\/td>\n<td><span class=\"driver\">KRISZTI\u00c1N SZAB\u00d3<\/span> \u0160KODA FABIA<\/td>\n<td class=\"center hide-for-medium-down\">22<\/td>\n<td class=\"center hide-for-medium-down\">29<\/td>\n<td class=\"center hide-for-medium-down\">10<\/td>\n<td class=\"center hide-for-medium-down\">30<\/td>\n<td class=\"center hide-for-medium-down\">17<\/td>\n<td class=\"points\">108<\/td>\n<td class=\"center hide-for-medium-down\"><\/td>\n<\/tr>\n<tr>\n<td class=\"position\">3<\/td>\n<td class=\"hide-for-small-only\"><img decoding=\"async\" class=\"flag\" src=\"http:\/\/www.fiaworldrallycross.com\/_img\/_flags\/ru.png\" alt=\"\" border=\"0\" \/><\/td>\n<td><span class=\"driver\">TIMUR SHIGABUTDINOV<\/span> RENAULT TWINGO<\/td>\n<td class=\"center hide-for-medium-down\">17<\/td>\n<td class=\"center hide-for-medium-down\">18<\/td>\n<td class=\"center hide-for-medium-down\">17<\/td>\n<td class=\"center hide-for-medium-down\">0<\/td>\n<td class=\"center hide-for-medium-down\">19<\/td>\n<td class=\"points\">71<\/td>\n<td class=\"center hide-for-medium-down\"><\/td>\n<\/tr>\n<tr>\n<td class=\"position\">4<\/td>\n<td class=\"hide-for-small-only\"><img decoding=\"async\" class=\"flag\" src=\"http:\/\/www.fiaworldrallycross.com\/_img\/_flags\/lv.png\" alt=\"\" border=\"0\" \/><\/td>\n<td><span class=\"driver\">ARTIS BAUMANIS<\/span> RENAULT TWINGO<\/td>\n<td class=\"center hide-for-medium-down\">0<\/td>\n<td class=\"center hide-for-medium-down\">25<\/td>\n<td class=\"center hide-for-medium-down\">20<\/td>\n<td class=\"center hide-for-medium-down\">12<\/td>\n<td class=\"center hide-for-medium-down\">7<\/td>\n<td class=\"points\">64<\/td>\n<td class=\"center hide-for-medium-down\"><\/td>\n<\/tr>\n<tr>\n<td class=\"position\">5<\/td>\n<td class=\"hide-for-small-only\"><img decoding=\"async\" class=\"flag\" src=\"http:\/\/www.fiaworldrallycross.com\/_img\/_flags\/ee.png\" alt=\"\" border=\"0\" \/><\/td>\n<td><span class=\"driver\">JANNO LIGUR<\/span> \u0160KODA FABIA<\/td>\n<td class=\"center hide-for-medium-down\">23<\/td>\n<td class=\"center hide-for-medium-down\">14<\/td>\n<td class=\"center hide-for-medium-down\">0<\/td>\n<td class=\"center hide-for-medium-down\">12<\/td>\n<td class=\"center hide-for-medium-down\">13<\/td>\n<td class=\"points\">62<\/td>\n<\/tr>\n<\/tbody>\n<\/table>\n<p>Etapi klassiv\u00f5itjaks tuli <strong>Ulrik Linnemann<\/strong> (Peugeot 208), teise koha sai <strong>Timur Shigabutdinov<\/strong> (\u0160koda Fabia) ning kolmanda <strong>LUIGI<\/strong> (\u0160koda Fabia).<\/p>\n<p>Super1600 klassi viimane EM-etapp s\u00f5idetakse 15.-16. oktoobril Saksamaal.<\/p>\n<p>SuperCar MM-etapi arvestuses saavutas v\u00f5idu <strong>Mattias Ekstr\u00f6m<\/strong> (Audi S1), kellele j\u00e4rgnesid <strong>Timmy Hansen<\/strong> (Peugeot 208) ning <strong>Timur Timerzyanov<\/strong> (Ford Fiesta). Algselt oli kolmanda koha saanud <strong>Johan Kristoffersson<\/strong> (VW Polo), kuid peale v\u00f5istlust tuli otsus anda talle must lipp, mist\u00f5ttu k\u00f5ik j\u00e4rgnenud fini\u0161eerijad liikusid koha v\u00f5rra k\u00f5rgemale. <strong>Janis Baumanis<\/strong> (Ford Fiesta) sai antud v\u00f5istlusel neljanda koha, mis on seni tema parim tulemus.<\/p>\n<p>Punktitabeli liidriks t\u00f5usis taas Mattias Ekstr\u00f6m:<\/p>\n<table class=\"table table-striped\" cellspacing=\"0\">\n<thead>\n<tr>\n<th>Rank<\/th>\n<th class=\"hide-for-small-only\"><\/th>\n<th>Car<\/th>\n<th>Driver<\/th>\n<th class=\"center hide-for-medium-down\"><img decoding=\"async\" src=\"http:\/\/www.fiaworldrallycross.com\/_img\/_flags\/circ_pt.png\" alt=\"pt\" width=\"35\" \/><br \/>\n1<\/th>\n<th class=\"center hide-for-medium-down\"><img decoding=\"async\" src=\"http:\/\/www.fiaworldrallycross.com\/_img\/_flags\/circ_de.png\" alt=\"de\" width=\"35\" \/><br \/>\n2<\/th>\n<th class=\"center hide-for-medium-down\"><img decoding=\"async\" src=\"http:\/\/www.fiaworldrallycross.com\/_img\/_flags\/circ_be.png\" alt=\"be\" width=\"35\" \/><br \/>\n3<\/th>\n<th class=\"center hide-for-medium-down\"><img decoding=\"async\" src=\"http:\/\/www.fiaworldrallycross.com\/_img\/_flags\/circ_gb.png\" alt=\"gb\" width=\"35\" \/><br \/>\n4<\/th>\n<th class=\"center hide-for-medium-down\"><img decoding=\"async\" src=\"http:\/\/www.fiaworldrallycross.com\/_img\/_flags\/circ_no.png\" alt=\"no\" width=\"35\" \/><br \/>\n5<\/th>\n<th class=\"center hide-for-medium-down\"><img decoding=\"async\" src=\"http:\/\/www.fiaworldrallycross.com\/_img\/_flags\/circ_se.png\" alt=\"se\" width=\"35\" \/><br \/>\n6<\/th>\n<th class=\"center hide-for-medium-down\"><img decoding=\"async\" src=\"http:\/\/www.fiaworldrallycross.com\/_img\/_flags\/circ_ca.png\" alt=\"ca\" width=\"35\" \/><br \/>\n7<\/th>\n<th class=\"center hide-for-medium-down\"><img decoding=\"async\" src=\"http:\/\/www.fiaworldrallycross.com\/_img\/_flags\/circ_fr.png\" alt=\"fr\" width=\"35\" \/><br \/>\n8<\/th>\n<th class=\"center hide-for-medium-down\"><img decoding=\"async\" src=\"http:\/\/www.fiaworldrallycross.com\/_img\/_flags\/circ_es.png\" alt=\"es\" width=\"35\" \/><br \/>\n9<\/th>\n<th class=\"center\">PTS<\/th>\n<th class=\"center hide-for-medium-down\">Pen<\/th>\n<\/tr>\n<\/thead>\n<tbody>\n<tr>\n<td class=\"position\">1<\/td>\n<td class=\"hide-for-small-only\"><img decoding=\"async\" class=\"flag\" src=\"http:\/\/www.fiaworldrallycross.com\/_img\/_flags\/se.png\" alt=\"\" border=\"0\" \/><\/td>\n<td class=\"StandingCar\"><img decoding=\"async\" src=\"http:\/\/www.fiaworldrallycross.com\/_mediaimages\/imagesource.php?image=8608.png&amp;maxwidth=100\" alt=\"car\" \/><\/td>\n<td><span class=\"driver\"><a href=\"http:\/\/www.fiaworldrallycross.com\/driver\/29\/mattiasekstrm\">MATTIAS EKSTR\u00d6M<\/a><\/span><a href=\"http:\/\/www.fiaworldrallycross.com\/driver\/29\/mattiasekstrm\">AUDI S1<\/a><\/td>\n<td class=\"center hide-for-medium-down\">19<\/td>\n<td class=\"center hide-for-medium-down\">29<\/td>\n<td class=\"center hide-for-medium-down\">30<\/td>\n<td class=\"center hide-for-medium-down\">27<\/td>\n<td class=\"center hide-for-medium-down\">20<\/td>\n<td class=\"center hide-for-medium-down\">17<\/td>\n<td class=\"center hide-for-medium-down\">15<\/td>\n<td class=\"center hide-for-medium-down\">19<\/td>\n<td class=\"center hide-for-medium-down\">28<\/td>\n<td class=\"points\">204<\/td>\n<td class=\"center hide-for-medium-down\"><\/td>\n<\/tr>\n<tr>\n<td class=\"position\">2<\/td>\n<td class=\"hide-for-small-only\"><img decoding=\"async\" class=\"flag\" src=\"http:\/\/www.fiaworldrallycross.com\/_img\/_flags\/no.png\" alt=\"\" border=\"0\" \/><\/td>\n<td class=\"StandingCar\"><img decoding=\"async\" src=\"http:\/\/www.fiaworldrallycross.com\/_mediaimages\/imagesource.php?image=8699.png&amp;maxwidth=100\" alt=\"car\" \/><\/td>\n<td><span class=\"driver\"><a href=\"http:\/\/www.fiaworldrallycross.com\/driver\/9\/pettersolberg\">PETTER SOLBERG<\/a><\/span><a href=\"http:\/\/www.fiaworldrallycross.com\/driver\/9\/pettersolberg\">CITR\u00d6EN DS3<\/a><\/td>\n<td class=\"center hide-for-medium-down\">29<\/td>\n<td class=\"center hide-for-medium-down\">19<\/td>\n<td class=\"center hide-for-medium-down\">25<\/td>\n<td class=\"center hide-for-medium-down\">27<\/td>\n<td class=\"center hide-for-medium-down\">20<\/td>\n<td class=\"center hide-for-medium-down\">17<\/td>\n<td class=\"center hide-for-medium-down\">24<\/td>\n<td class=\"center hide-for-medium-down\">20<\/td>\n<td class=\"center hide-for-medium-down\">13<\/td>\n<td class=\"points\">194<\/td>\n<td class=\"center hide-for-medium-down\"><\/td>\n<\/tr>\n<tr>\n<td class=\"position\">3<\/td>\n<td class=\"hide-for-small-only\"><img decoding=\"async\" class=\"flag\" src=\"http:\/\/www.fiaworldrallycross.com\/_img\/_flags\/se.png\" alt=\"\" border=\"0\" \/><\/td>\n<td class=\"StandingCar\"><img decoding=\"async\" src=\"http:\/\/www.fiaworldrallycross.com\/_mediaimages\/imagesource.php?image=8552.png&amp;maxwidth=100\" alt=\"car\" \/><\/td>\n<td><span class=\"driver\"><a href=\"http:\/\/www.fiaworldrallycross.com\/driver\/44\/johankristoffersson\">JOHAN KRISTOFFERSSON<\/a><\/span><a href=\"http:\/\/www.fiaworldrallycross.com\/driver\/44\/johankristoffersson\">VOLKSWAGEN POLO<\/a><\/td>\n<td class=\"center hide-for-medium-down\">21<\/td>\n<td class=\"center hide-for-medium-down\">18<\/td>\n<td class=\"center hide-for-medium-down\">19<\/td>\n<td class=\"center hide-for-medium-down\">12<\/td>\n<td class=\"center hide-for-medium-down\">13<\/td>\n<td class=\"center hide-for-medium-down\">23<\/td>\n<td class=\"center hide-for-medium-down\">23<\/td>\n<td class=\"center hide-for-medium-down\">29<\/td>\n<td class=\"center hide-for-medium-down\">20<\/td>\n<td class=\"points\">178<\/td>\n<td class=\"center hide-for-medium-down\"><\/td>\n<\/tr>\n<tr>\n<td class=\"position\">4<\/td>\n<td class=\"hide-for-small-only\"><img decoding=\"async\" class=\"flag\" src=\"http:\/\/www.fiaworldrallycross.com\/_img\/_flags\/no.png\" alt=\"\" border=\"0\" \/><\/td>\n<td class=\"StandingCar\"><img decoding=\"async\" src=\"http:\/\/www.fiaworldrallycross.com\/_mediaimages\/imagesource.php?image=8599.png&amp;maxwidth=100\" alt=\"car\" \/><\/td>\n<td><span class=\"driver\"><a href=\"http:\/\/www.fiaworldrallycross.com\/driver\/14\/andreasbakkerud\">ANDREAS BAKKERUD<\/a><\/span><a href=\"http:\/\/www.fiaworldrallycross.com\/driver\/14\/andreasbakkerud\">FORD FOCUS RS<\/a><\/td>\n<td class=\"center hide-for-medium-down\">20<\/td>\n<td class=\"center hide-for-medium-down\">7<\/td>\n<td class=\"center hide-for-medium-down\">3<\/td>\n<td class=\"center hide-for-medium-down\">21<\/td>\n<td class=\"center hide-for-medium-down\">30<\/td>\n<td class=\"center hide-for-medium-down\">29<\/td>\n<td class=\"center hide-for-medium-down\">22<\/td>\n<td class=\"center hide-for-medium-down\">25<\/td>\n<td class=\"center hide-for-medium-down\">13<\/td>\n<td class=\"points\">170<\/td>\n<\/tr>\n<\/tbody>\n<\/table>\n<p>Euroopa arvestuses klassis SuperCar v\u00f5ttis v\u00f5idu ning kindlustas ka meistritiitli <strong>Kevin Hansen<\/strong> (Peugeot 208). Teisele kohale platseerus <strong>Tommy Rustad<\/strong> (Peugeot 208) ning kolmandale <strong>Tord Linnerud<\/strong> (VW Polo).<\/p>\n<p>Kevin Hanseni emotsioonid:<\/p>\n<p><iframe style=\"border: none; overflow: hidden;\" src=\"https:\/\/www.facebook.com\/plugins\/video.php?href=https%3A%2F%2Fwww.facebook.com%2FSVTSport%2Fvideos%2F10153806218001053%2F&amp;show_text=0&amp;width=560\" width=\"560\" height=\"315\" frameborder=\"0\" scrolling=\"no\" allowfullscreen=\"allowfullscreen\"><\/iframe><\/p>\n<p>RXLites klassis v\u00f5ttis v\u00f5idu <strong>Cyril Raymond<\/strong>, kellele j\u00e4rgnesid <strong>Thomas Bryntesson<\/strong> ning <strong>Simon W\u00e5g\u00f6<\/strong>.<\/p>\n<p>1.-2. oktoobril s\u00f5idetakse L\u00e4tis, Bikernieki rallikrossirajal. SuperCar MM-arvestuses teeb oma deb\u00fc\u00fcdi Janno Ligur.<\/p>\n<p>\u00dcleskutse k\u00f5ikidele f\u00e4nnidele, kes Riiga s\u00f5idavad:<br \/>\n<iframe style=\"border: none; overflow: hidden;\" src=\"https:\/\/www.facebook.com\/plugins\/post.php?href=https%3A%2F%2Fwww.facebook.com%2Fjannoligurrx%2Fposts%2F1313484191995532%3A0&amp;width=500\" width=\"500\" height=\"578\" frameborder=\"0\" scrolling=\"no\"><\/iframe><\/p>\n<p><em><strong>Foto:\u00a0<a title=\"Johan Hendrickx\" href=\"http:\/\/rallysportpictures.be\/\" rel=\"home\">Johan Hendrickx<\/a><\/strong><\/em>\t\t<\/p>\n","protected":false},"excerpt":{"rendered":"<p>16.-.18. septembril s\u00f5ideti Barcelonas FIA World Rallycross Championship presented by Monster Energy MM- ning EM-etapp. Ainukese eestlasena EM-etapil klassis Super1600 oli stardis&hellip;<\/p>\n","protected":false},"author":1,"featured_media":8895,"comment_status":"closed","ping_status":"open","sticky":false,"template":"","format":"standard","meta":{"footnotes":""},"categories":[83],"tags":[356,141,102,103,104],"class_list":["post-8892","post","type-post","status-publish","format-standard","has-post-thumbnail","hentry","category-uudised","tag-2016-3","tag-barcelona","tag-em","tag-fia-world-rallycross-championship","tag-mm"],"_links":{"self":[{"href":"https:\/\/estrx.eu\/en\/wp-json\/wp\/v2\/posts\/8892","targetHints":{"allow":["GET"]}}],"collection":[{"href":"https:\/\/estrx.eu\/en\/wp-json\/wp\/v2\/posts"}],"about":[{"href":"https:\/\/estrx.eu\/en\/wp-json\/wp\/v2\/types\/post"}],"author":[{"embeddable":true,"href":"https:\/\/estrx.eu\/en\/wp-json\/wp\/v2\/users\/1"}],"replies":[{"embeddable":true,"href":"https:\/\/estrx.eu\/en\/wp-json\/wp\/v2\/comments?post=8892"}],"version-history":[{"count":1,"href":"https:\/\/estrx.eu\/en\/wp-json\/wp\/v2\/posts\/8892\/revisions"}],"predecessor-version":[{"id":31176,"href":"https:\/\/estrx.eu\/en\/wp-json\/wp\/v2\/posts\/8892\/revisions\/31176"}],"wp:featuredmedia":[{"embeddable":true,"href":"https:\/\/estrx.eu\/en\/wp-json\/"}],"wp:attachment":[{"href":"https:\/\/estrx.eu\/en\/wp-json\/wp\/v2\/media?parent=8892"}],"wp:term":[{"taxonomy":"category","embeddable":true,"href":"https:\/\/estrx.eu\/en\/wp-json\/wp\/v2\/categories?post=8892"},{"taxonomy":"post_tag","embeddable":true,"href":"https:\/\/estrx.eu\/en\/wp-json\/wp\/v2\/tags?post=8892"}],"curies":[{"name":"wp","href":"https:\/\/api.w.org\/{rel}","templated":true}]}}