{"id":3264,"date":"2012-01-23T14:21:25","date_gmt":"2012-01-23T14:21:25","guid":{"rendered":"http:\/\/ralli.local\/wordpress3\/?p=3264"},"modified":"2022-02-04T12:01:34","modified_gmt":"2022-02-04T09:01:34","slug":"eesti-karikasari-jaarajasoidus-alustab-vortsjarvel","status":"publish","type":"post","link":"https:\/\/estrx.eu\/en\/eesti-karikasari-jaarajasoidus-alustab-vortsjarvel\/","title":{"rendered":"Eesti karikasari j\u00e4\u00e4rajas\u00f5idus alustab V\u00f5rtsj\u00e4rvel"},"content":{"rendered":"<p>\t\t\t\t<strong>28. jaanuaril saab V\u00f5rtsj\u00e4rvel Rannak\u00fclast alguse Eesti j\u00e4\u00e4raja karikasari. Kuigi jaanuari algusesse plaanitud 1. etapp tuli kehvade ilmastikuolude t\u00f5ttu \u00e4ra j\u00e4tta, loodavad sarja korraldajad, et lubatud pakane annab praeguseks juba sisse l\u00fckatud v\u00f5istlusraja j\u00e4\u00e4le veel korralikult paksust juurde ja laup\u00e4eval saavad k\u00f5ik osalejad end tugevas konkurentsis proovile panna.<\/strong><\/p>\n<p><!--more--><\/p>\n<p>Esmasp\u00e4evane ilmateade oli korraldajatele r\u00f5\u00f5mustav, sest \u00a0pakane tugevneb ja lubatud paark\u00fcmmend k\u00fclmakraadi annavad igati lootust, et eeloleval laup\u00e4eval Rannak\u00fclas v\u00f5istlus toimub.<strong><\/strong><\/p>\n<p>\u201eV\u00f5rtsj\u00e4rve j\u00e4\u00e4 2012\u201c v\u00f5istlusel v\u00f5etakse omavahel m\u00f5\u00f5tu kaheksas masinaklassis: 2WD noored, 2WD naised, 2WD esivedu, 2WD tagavedu ja 4WD, 2WD Sport, 4Wd Sport ja ERK 2WD. Sport-klassid ja ERK-klass p\u00e4\u00e4sevad rajale piikrehvidega. Teistest v\u00f5istlusklassides s\u00f5idetakse t\u00e4navarehvidega.<\/p>\n<p>V\u00f5istlustele eelregistreerimine aadressil <a href=\"www.autosport.ee\/rk\">www.autosport.ee\/rk<\/a> juba k\u00e4ib ja osalejad saavad end registreerida 26. jaanuarini kuni kella 17-ni.<\/p>\n<p>Korraldajad paluvad k\u00f5igil v\u00f5istlejail aga samal aadressil k\u00e4ttesaadaval v\u00f5istluste infol silma peal hoida. Kuigi olukord on lootusrikas, tehakse viimane ja l\u00f5plik otsus v\u00f5istluste toimumise v\u00f5i mittetoimumise kohta neljap\u00e4eval, 26. jaanuaril. Kindlasti avaldatakse\u00a0 ka sellekohane b\u00fcllet\u00e4\u00e4n.\u00a0 Korraldajad annavad endast parima, et rada saaks p\u00f5nev ja j\u00e4ine ning k\u00f5igile jaguks piisavalt s\u00f5idum\u00f5nu ja pealtvaatajatel kaasaelamislusti.\t\t<\/p>\n","protected":false},"excerpt":{"rendered":"<p>28. jaanuaril saab V\u00f5rtsj\u00e4rvel Rannak\u00fclast alguse Eesti j\u00e4\u00e4raja karikasari. Kuigi jaanuari algusesse plaanitud 1. etapp tuli kehvade ilmastikuolude t\u00f5ttu \u00e4ra j\u00e4tta, loodavad&hellip;<\/p>\n","protected":false},"author":1,"featured_media":0,"comment_status":"closed","ping_status":"open","sticky":false,"template":"","format":"standard","meta":{"footnotes":""},"categories":[76],"tags":[],"class_list":["post-3264","post","type-post","status-publish","format-standard","hentry","category-estrx-est"],"_links":{"self":[{"href":"https:\/\/estrx.eu\/en\/wp-json\/wp\/v2\/posts\/3264","targetHints":{"allow":["GET"]}}],"collection":[{"href":"https:\/\/estrx.eu\/en\/wp-json\/wp\/v2\/posts"}],"about":[{"href":"https:\/\/estrx.eu\/en\/wp-json\/wp\/v2\/types\/post"}],"author":[{"embeddable":true,"href":"https:\/\/estrx.eu\/en\/wp-json\/wp\/v2\/users\/1"}],"replies":[{"embeddable":true,"href":"https:\/\/estrx.eu\/en\/wp-json\/wp\/v2\/comments?post=3264"}],"version-history":[{"count":1,"href":"https:\/\/estrx.eu\/en\/wp-json\/wp\/v2\/posts\/3264\/revisions"}],"predecessor-version":[{"id":31621,"href":"https:\/\/estrx.eu\/en\/wp-json\/wp\/v2\/posts\/3264\/revisions\/31621"}],"wp:attachment":[{"href":"https:\/\/estrx.eu\/en\/wp-json\/wp\/v2\/media?parent=3264"}],"wp:term":[{"taxonomy":"category","embeddable":true,"href":"https:\/\/estrx.eu\/en\/wp-json\/wp\/v2\/categories?post=3264"},{"taxonomy":"post_tag","embeddable":true,"href":"https:\/\/estrx.eu\/en\/wp-json\/wp\/v2\/tags?post=3264"}],"curies":[{"name":"wp","href":"https:\/\/api.w.org\/{rel}","templated":true}]}}