{"id":2924,"date":"2011-10-04T06:47:15","date_gmt":"2011-10-04T06:47:15","guid":{"rendered":"http:\/\/ralli.local\/wordpress3\/?p=2924"},"modified":"2022-02-04T12:01:35","modified_gmt":"2022-02-04T09:01:35","slug":"sverre-isachsen-lopetas-hooaja-stiilselt-poodiumi-tipus","status":"publish","type":"post","link":"https:\/\/estrx.eu\/en\/sverre-isachsen-lopetas-hooaja-stiilselt-poodiumi-tipus\/","title":{"rendered":"Sverre Isachsen l\u00f5petas hooaja stiilselt poodiumi tipus!"},"content":{"rendered":"<p>\t\t\t\t<strong>Sverre kinnitas oma Euroopa meistritiitli eelmisel etapil Poolas, see on talle j\u00e4rjestiku kolmas meistritiitel SuperCar klassis. Sverre v\u00f5itis Euroopa meistrtiitli ka 2009 ja 2010 aastal.<\/strong><\/p>\n<p><!--more-->\u201eSee on suurep\u00e4rane. Tahan t\u00e4nada oma meeskonda. Me tegime seda j\u00e4lle,\u201c r\u00f5\u00f5mustas Isachsen. Sverre lisas veel: \u201eEuroopa MV tase on praegu v\u00e4ga k\u00f5rgel, seega olen enda \u00fcle \u00e4\u00e4rmiselt uhke.\u201c<\/p>\n<p>Samas oli ta aga \u201eklass omaette\u201c T\u0161ehhis Ceska Lipa rajal toimunud finaalis. Ja see n\u00e4dalavahetus oli hean\u00e4ide sellest, kui hea 40-aastane norrakas tegelikult on.<\/p>\n<p>Ta oli kiireim treenings\u00f5itudes ja samuti ka ajas\u00f5itudes. Kuid Isachsen diskvalifitseeriti ajas\u00f5itude ajal.<\/p>\n<p>\u201eKeegi ilmselt on v\u00e4sinud sellest, et ma v\u00f5idan koguaeg, eks nad siis proovivad k\u00f5ike. Keegi v\u00e4itis, et ma rikkunud Liam Dorani ringi. Ma olin 50 m temast ees, aga nad ei saa mind peatada nagunii,\u201c kommenteerist Sverre peale karistuse saamist.<\/p>\n<p>Ja tal oli \u00f5igus. Ford Focusel s\u00f5itev mees v\u00f5itis nii esimese kui ka teise eels\u00f5idu ning sai ka parima stardipositisooni A-finaalis, mille ta ka v\u00f5itis- tema 23. v\u00f5it ERC-s.<\/p>\n<p>\u201eMinu meeskond on parim, minu auto on k\u00fcll vana aga ikka veel hea ja ma ise s\u00f5idan p\u00e4ris normaalselt ka,\u201c \u00fctles Sverre.<\/p>\n<p>Tulemused:<\/p>\n<p>1.Sverre Isachsen (N), Ford Focus Mk2 T16 4\u00d74<br \/>\n2. Kenneth Hansen (S), Citro?n DS3 T16 4\u00d74<br \/>\n3. Tanner Foust (USA), Ford Fiesta Mk7 T16 4\u00d74<br \/>\n4. Timur Timerzyanov (RUS), Citro?n C4 T16 4\u00d74<br \/>\n5. Frode Holte (N), Volvo C30 T16 4\u00d74<br \/>\n6. Mats Lysen (N), Renault Clio Mk3 T16 4\u00d74<\/p>\n<p>Punktiseis<\/p>\n<p>1. Sverre Isachsen (N) 140<br \/>\n2. Timur Timerzyanov (RUS) 114<br \/>\n3. Tanner Foust (USA) 107<\/p>\n<p>&nbsp;<\/p>\n<p>Allikas: www.isachsenmotorsport.no\t\t<\/p>\n","protected":false},"excerpt":{"rendered":"<p>Sverre kinnitas oma Euroopa meistritiitli eelmisel etapil Poolas, see on talle j\u00e4rjestiku kolmas meistritiitel SuperCar klassis. Sverre v\u00f5itis Euroopa meistrtiitli ka 2009&hellip;<\/p>\n","protected":false},"author":1,"featured_media":2925,"comment_status":"closed","ping_status":"open","sticky":false,"template":"","format":"standard","meta":{"footnotes":""},"categories":[76],"tags":[],"class_list":["post-2924","post","type-post","status-publish","format-standard","has-post-thumbnail","hentry","category-estrx-est"],"_links":{"self":[{"href":"https:\/\/estrx.eu\/en\/wp-json\/wp\/v2\/posts\/2924","targetHints":{"allow":["GET"]}}],"collection":[{"href":"https:\/\/estrx.eu\/en\/wp-json\/wp\/v2\/posts"}],"about":[{"href":"https:\/\/estrx.eu\/en\/wp-json\/wp\/v2\/types\/post"}],"author":[{"embeddable":true,"href":"https:\/\/estrx.eu\/en\/wp-json\/wp\/v2\/users\/1"}],"replies":[{"embeddable":true,"href":"https:\/\/estrx.eu\/en\/wp-json\/wp\/v2\/comments?post=2924"}],"version-history":[{"count":1,"href":"https:\/\/estrx.eu\/en\/wp-json\/wp\/v2\/posts\/2924\/revisions"}],"predecessor-version":[{"id":31646,"href":"https:\/\/estrx.eu\/en\/wp-json\/wp\/v2\/posts\/2924\/revisions\/31646"}],"wp:featuredmedia":[{"embeddable":true,"href":"https:\/\/estrx.eu\/en\/wp-json\/"}],"wp:attachment":[{"href":"https:\/\/estrx.eu\/en\/wp-json\/wp\/v2\/media?parent=2924"}],"wp:term":[{"taxonomy":"category","embeddable":true,"href":"https:\/\/estrx.eu\/en\/wp-json\/wp\/v2\/categories?post=2924"},{"taxonomy":"post_tag","embeddable":true,"href":"https:\/\/estrx.eu\/en\/wp-json\/wp\/v2\/tags?post=2924"}],"curies":[{"name":"wp","href":"https:\/\/api.w.org\/{rel}","templated":true}]}}