{"id":2593,"date":"2011-08-29T10:09:55","date_gmt":"2011-08-29T10:09:55","guid":{"rendered":"http:\/\/ralli.local\/wordpress3\/?p=2593"},"modified":"2022-02-04T12:01:36","modified_gmt":"2022-02-04T09:01:36","slug":"labi-raskuste-toid-ligur-ja-kurg-lati-meistrivoistlustelt-autokrossis-3-ja-4-koha","status":"publish","type":"post","link":"https:\/\/estrx.eu\/en\/labi-raskuste-toid-ligur-ja-kurg-lati-meistrivoistlustelt-autokrossis-3-ja-4-koha\/","title":{"rendered":"L\u00e4bi raskuste t\u00f5id Ligur ja Kurg L\u00e4ti Meistriv\u00f5istlustelt autokrossis 3. ja 4. koha"},"content":{"rendered":"<p>\t\t\t\t<strong>M\u00f6\u00f6dunud n\u00e4dalavahetusel toimunud L\u00e4ti MV autokrossis osalesid eestlastest nooruke Janno Ligur ja Andre Kurg. V\u00f5istlus t\u00f5i endaga kaasa eestlastele rohkelt takistusi, kuid siiski suudeti s\u00f5ita end v\u00e4ga headele kohtadele. <\/strong><\/p>\n<p><!--more--><\/p>\n<p>Kindlasti oleks tulemused veelgi k\u00f5rgemad olnud, kui ei oleks Janno auto vabatreeningute esimesel ringil p\u00f5lema s\u00fcttinud, ilmselt tuli lahti bensiini tagasivooluvoolik. Andre Kure autol aga purunes uus k\u00e4igukast. Seoses eelnevate juhtumitega ei j\u00f5udnud meie s\u00f5itjad ajas\u00f5itu, et saada head stardipositsioonid eels\u00f5iduks.<\/p>\n<p>Mehaanikud tegid ajas\u00f5itude ajal head t\u00f6\u00f6d, vahetatid Andre Kure k\u00e4igukast ja Liguri autol vahetati v\u00e4lja kogu elektris\u00fcsteem\u00a0 andurite ja juhtmestikuga.<\/p>\n<p>S\u00f5itjad alustasid eels\u00f5ite viimasest reast, vastavalt 9. ja 10. kohalt. Janno suutis end esimeses eels\u00f5idus s\u00f5ita kolmandaks. Ja teised 2 eels\u00f5itu \u00f5nnestus tal startida esireast ja l\u00f5petada s\u00f5idud samuti kolmandalt kohalt.<\/p>\n<p>\u201eOtsustasin eels\u00f5idud s\u00f5ita natuke rahulikumalt ja minna finaalis v\u00e4lja \u201et\u00e4is panga\u201c peale\u201c, \u00fctles Andre Kurg. Eelmiste etappide kogemuste p\u00f5hjal v\u00f5is oodata, et ka sel etapil ei pea konkurentide tehnika raskele rajale vastu. Eelaimus osutus \u00f5igeks ja ka sel korral katkestasid nii m\u00f5nedki s\u00f5itjad Andre ees ja eestlane saavutas tubli 4. koha.<\/p>\n<p>Finaals\u00f5idus \u00f5nnestus Liguril startida esireast, j\u00f5udes ka raja esimesse kurvi esimesena. See sama esimene kurv aga osutus saatuslikuks, seal s\u00f5itis l\u00e4tlane Vanters Jannole sisse ning l\u00fckkas eestlase autot nii k\u00f5vasti, et auto kaotas tasakaalu ja selle t\u00f5ttu \u00f5nnestus nii Vantersil kui ka tema kaasmaalasel Lilien\u0161teinsil eestlasest m\u00f6\u00f6duda. Ligur j\u00e4tkas s\u00f5itu kolmandalt kohalt ja see j\u00e4i paraku \u00a0ka tema k\u00f5rgemaks kohaks finaals\u00f5idu l\u00f5puni.<\/p>\n<p>Finaals\u00f5it ei kulgenud aga Andre Kure jaoks nii \u00f5nnelikult kui Liguril. Kurg, kelle ees esimese ringi teises kurvis j\u00e4rsult pidurdati, ei suutnud \u00b4tagant sisses\u00f5itu eesolevale masinale v\u00e4ltida. Poolringi hiljem s\u00f5ideti juba Kurele endale tagant sisse nii k\u00f5vasti, et t\u00e4na s\u00f5idu kohta kommentaare andis Andre haiglas kompuuteruuringut oodates. Andre kael sai kokkup\u00f5rkes vigastada aga loodame, et s\u00f5itja vigastused ei ole t\u00f5sised ja ta paraneb kiiresti, sest juba sel laup\u00e4eval tuleb olla stardis Piiroja rallikrossirajal.<\/p>\n<p>&nbsp;<\/p>\n<p>Soovimegi siis omaltpoolt Andrele kiiret paranemist ja kohtumiseni P\u00f5ltsamaal!<\/p>\n<p>Pilte etappist n\u00e4ed <a href=\"http:\/\/ralli.local\/wordpress3\/?page_id=800\">SIIT<\/a><\/p>\n<p>&nbsp;<\/p>\n<p>&nbsp;<\/p>\n<p>&nbsp;<\/p>\n<p>L\u00f5pptulemus 5. etapilt (Smiltene 28.08.11):<\/p>\n<p>1. Reinis Lilien\u0161teinsil<\/p>\n<p>2. Andis Vanters<\/p>\n<p>3. Janno Ligur<\/p>\n<p>4. Andre Kurg\t\t<\/p>\n","protected":false},"excerpt":{"rendered":"<p>M\u00f6\u00f6dunud n\u00e4dalavahetusel toimunud L\u00e4ti MV autokrossis osalesid eestlastest nooruke Janno Ligur ja Andre Kurg. V\u00f5istlus t\u00f5i endaga kaasa eestlastele rohkelt takistusi, kuid&hellip;<\/p>\n","protected":false},"author":1,"featured_media":2595,"comment_status":"closed","ping_status":"open","sticky":false,"template":"","format":"standard","meta":{"footnotes":""},"categories":[76],"tags":[],"class_list":["post-2593","post","type-post","status-publish","format-standard","has-post-thumbnail","hentry","category-estrx-est"],"_links":{"self":[{"href":"https:\/\/estrx.eu\/en\/wp-json\/wp\/v2\/posts\/2593","targetHints":{"allow":["GET"]}}],"collection":[{"href":"https:\/\/estrx.eu\/en\/wp-json\/wp\/v2\/posts"}],"about":[{"href":"https:\/\/estrx.eu\/en\/wp-json\/wp\/v2\/types\/post"}],"author":[{"embeddable":true,"href":"https:\/\/estrx.eu\/en\/wp-json\/wp\/v2\/users\/1"}],"replies":[{"embeddable":true,"href":"https:\/\/estrx.eu\/en\/wp-json\/wp\/v2\/comments?post=2593"}],"version-history":[{"count":1,"href":"https:\/\/estrx.eu\/en\/wp-json\/wp\/v2\/posts\/2593\/revisions"}],"predecessor-version":[{"id":31670,"href":"https:\/\/estrx.eu\/en\/wp-json\/wp\/v2\/posts\/2593\/revisions\/31670"}],"wp:featuredmedia":[{"embeddable":true,"href":"https:\/\/estrx.eu\/en\/wp-json\/"}],"wp:attachment":[{"href":"https:\/\/estrx.eu\/en\/wp-json\/wp\/v2\/media?parent=2593"}],"wp:term":[{"taxonomy":"category","embeddable":true,"href":"https:\/\/estrx.eu\/en\/wp-json\/wp\/v2\/categories?post=2593"},{"taxonomy":"post_tag","embeddable":true,"href":"https:\/\/estrx.eu\/en\/wp-json\/wp\/v2\/tags?post=2593"}],"curies":[{"name":"wp","href":"https:\/\/api.w.org\/{rel}","templated":true}]}}