{"id":2189,"date":"2011-08-07T14:58:15","date_gmt":"2011-08-07T14:58:15","guid":{"rendered":"http:\/\/ralli.local\/wordpress3\/?p=2189"},"modified":"2022-02-04T12:01:50","modified_gmt":"2022-02-04T09:01:50","slug":"laitses-soidetud-olerex-eesti-mv-iv-etapp-pakkus-ahhetamapanevaid-ohulende","status":"publish","type":"post","link":"https:\/\/estrx.eu\/en\/laitses-soidetud-olerex-eesti-mv-iv-etapp-pakkus-ahhetamapanevaid-ohulende\/","title":{"rendered":"Laitses s\u00f5idetud Olerex Eesti MV IV etapp pakkus ahhetamapanevaid \u00f5hulende"},"content":{"rendered":"<p>\t\t\t\t<strong>Sel laup\u00e4eval toimus Laitse rallipargis Olerex Eesti MV IV etapp rallikrossis. Kuna Laitses s\u00f5idetakse kokku sellel aastal tervelt kolm korda, siis otsustasid raja omanikud ja korraldajad, et rada s\u00f5idetakse \u00a0nii s\u00f5itjatele kui ka rahvale p\u00f5nevuse pakkumiseks tavap\u00e4rasele vastupidises suunas.<\/strong><\/p>\n<p><!--more--><\/p>\n<p>Juba treenings\u00f5itudest sai aimu, et\u00a0 rajal olevat trampliin v\u00f5ib teistpidi s\u00f5ites palju p\u00f5nevaid momente pakkuda. Ja nii l\u00e4kski. Juba esimeses s\u00f5iduvoorus tuli lennukalt trampliinile Div1A klassis s\u00f5itev Imre Karu. Masin kerkis\u00a0 \u00f5hku ja maandus, enne \u00f5hus ringe tehes, ohutuspiirde taha katusele. \u00d5nneks\u00a0 ei saanud sellel \u00f5hulennus t\u00f5sisemalt viga ei masin ega ka s\u00f5itja ja Karu oli juba 3. s\u00f5iduvoorus taas rajal. L\u00f5ppkokkuv\u00f5ttes saavutas publikule\u00a0 p\u00f5nevaimat hetke pakkunud Imre Karu \u00a0B-finaalis 3. koha.<\/p>\n<p>Division 1A klassis oli heas hoos Janno Ligur, kellele pakkus aga igas s\u00f5iduvoorus t\u00f5sist konkurentsi Arvo Kask. Ka Andre Kurg oli oma v\u00f5istlusauto taas\u00a0 parimasse korda saanud ja\u00a0\u00a0 p\u00fc\u00fcdis Ligurile ja Kasele\u00a0 kohta k\u00e4tte n\u00e4idata. K\u00f5ik kolm strardtsid A-finaali esireast. Liguril \u00f5nnestus start suurep\u00e4raselt, kuid\u00a0 konkurendid ei j\u00e4\u00e4nud sugugi maha. Esimeses kurvis oldi pea k\u00fclg k\u00fclje k\u00f5rval. Siis aga l\u00e4ks kogu p\u00e4eva kiireimaid aegu s\u00f5itnud\u00a0 Ligur oma teed ja Kasel ning Kurel\u00a0 l\u00e4ks omavaheliseks duelliks. Viimasel ringil\u00a0 j\u00f5udis k\u00fcll Kask ka Ligurile l\u00e4hemale, kuid siiski fini\u0161eeriti j\u00e4rjekorras Ligur, Kask, Kurg.<\/p>\n<p>ERK 2000 klassis n\u00e4itas head minekut Silver Havamaa, kes sai finaalis esimesena stardikohta valida. Tema k\u00f5rvalt\u00a0 sai startida meistrisarja liider l\u00e4tlane Reinis Niti\u0161s. Neid omakorda hakkas p\u00fc\u00fcdma Alvar Kuusik, kes ei teinud eess\u00f5itjate elu sugugi lihtsaks. Havamaa p\u00e4\u00e4ses s\u00f5itu juhtima, Niti\u0161s kihutas tema kannul. Selles\u00a0 klassis sai v\u00f5itja otsustajaks <em>jocker lap<\/em>. Reinis Niti\u0161s l\u00e4ks jokkerisse varem, Havamaa otsustas j\u00e4tta selle lisatasku l\u00e4bimise viimasele ringile.\u00a0 Seal ei \u00f5nnestunud tal aga v\u00f5itjana v\u00e4ljuda ja\u00a0 esimesena sai ruudulipu alt l\u00e4bi tuhiseda taas l\u00e4tlane. Niti\u0161sile selle hooaja kolmas etapiv\u00f5it, Havamaa teine ja kolmanda kohaga pidi leppima v\u00e4ga hea esituse teinud Alvar Kuusik.<\/p>\n<p>RWD ehk tagaveoliste klassis oli kahes eels\u00f5idus v\u00e4ga heas hoos Ladal kihutav Kevo K\u00e4rp.\u00a0 Sel etapil n\u00e4itas K\u00e4rp, milliseks v\u00f5ivad kujuneda j\u00f5upositsioonid siis, kui ta saab v\u00f5istluse l\u00f5puni s\u00f5ita. Kohe stardist asus K\u00e4rp\u00a0 juhtima ja hoolimata Rommi Puki pingutustest, sai ka esikoha. Kahjuks pidi katkestama Kalmer Vaht, kes algselt\u00a0 K\u00e4rbi kandadel p\u00fcsis. Head s\u00f5itu n\u00e4itasid ka Sten Suvemaa ja Siim S\u00fcndema.\u00a0 Suvemaa oli K\u00e4rbile juba p\u00e4ris l\u00e4hedale j\u00f5udnud, kui tal tuli tehniliste probleemide t\u00f5ttu katkestada. \u00a0Pukk tegi K\u00e4rbist m\u00f6\u00f6da p\u00e4\u00e4semiseks t\u00f5siseid j\u00f5upingutusi, kuid sel korral oli sinivalgel Ladal kihutav K\u00e4rp konkurentidele p\u00fc\u00fcdmatu. Sarja liider Rommi Pukk l\u00f5petas teisena, Siim S\u00fcndema kolmandana.<\/p>\n<p>Division 1 klassis oli juba eels\u00f5itudes \u00fcsna selge, et kui midagi tehnikaga ei juhtu, v\u00f5tab sel etapil v\u00f5idukarika Sten Oja Oja, kes ring ringilt parandas p\u00e4eva aega.\u00a0 Finaal algas valestardiga. Pait Reimani n\u00e4rvid ei pidanud\u00a0 sel etapil koguni kahel korral vastu. Juba eels\u00f5idus karistati teda valestardi eest karistussekunditega ja ka finaalis n\u00f5ksatas tema kollane Mitsubishi Lancer Evo varem, kui stardituled selleks loa andsid.\u00a0 K\u00f5igile s\u00f5itjatele n\u00e4idati hoiatuslippu ja uus start \u00f5nnestus k\u00f5igil paremini. K\u00f5ik oli korras kuni esimese kurvini, kuhu Valdur Reinsalu ja Helmet Palm\u00a0 korraga \u00e4ra tahtnud mahtuda. K\u00fcljed lasti kokku, tekkis korralik\u00a0 ummik, millest kiiremini p\u00e4\u00e4ses liikuma Valdur Reinsalu. Helmet Palm p\u00fc\u00fcdis s\u00f5itu j\u00e4tkata, kuid \u00fcsna pea keeras ta boksiteele. Kokkup\u00f5rkes saadud vigastused ei lubanud j\u00e4tkata. R\u00fcsinas sai kannatada ka Andre \u00d5una masin, kuid\u00a0 ka tema sai\u00a0 j\u00e4tkata.\u00a0 Reinsalu tegi ilusat s\u00f5itu, kuid pikalt ees kihutavat Ojat tal p\u00fc\u00fcda ei \u00f5nnestnud.\u00a0 Nii t\u00f5usiski Oja Div1 klassi poodiumi k\u00f5rgeimale astmele. Teise koha sai Valdur Reinsalu, kolmanda Pait Reiman. Reiman j\u00e4tkab sarja liidrina.<\/p>\n<p>Kahest noorteklassi s\u00f5itjast oli kiireim Andre Teder, kes suutis olla parem Sander Miljandist. Noors\u00f5itjad andsid\u00a0 kaasahaarava etenduse, vahetades s\u00f5idu jooksul korduvalt liidrikohta \u2013 kord oli Miljand ees, kord juhtis Teder. Sel korral tuli Miljandil Tedrele alla vanduda, kuid\u00a0 noor s\u00f5itja kinnitas, et j\u00e4rgmisel etapil oma kodurajal Piirojal tahab ta kindlalt revan\u0161i v\u00f5tta.<\/p>\n<p>Pealtvaatajate hinnangul oli sel korral v\u00f5istlust vaadata eriti p\u00f5nev, sest teist pidi rada oli uudne k\u00f5igile s\u00f5itjatele. Teist pidi l\u00e4bitav trampliin andis autodele eriti hea hoo, nii et n\u00e4ha sai eriti pikki ja ahhetamapanevaid \u00f5hulende. Igatahes fotograafidel oli k\u00e4ed t\u00f6\u00f6d t\u00e4is.<\/p>\n<p>Olerex Eesti rallikrossi meistriv\u00f5istluste viies etapp s\u00f5idetakse 3. septembril P\u00f5ltsamaa l\u00e4hedal Piiroja krossirajal.<\/p>\n<p>&nbsp;<\/p>\n<p><span style=\"color: #000000;\"><a href=\"http:\/\/www.youtube.com\/watch?feature=player_embedded&amp;v=zNcOvcrRFKE\"><span style=\"color: #000000;\">Karu \u00f5hulendu vaata siit<\/span><\/a><\/span>\t\t<\/p>\n","protected":false},"excerpt":{"rendered":"<p>Sel laup\u00e4eval toimus Laitse rallipargis Olerex Eesti MV IV etapp rallikrossis. Kuna Laitses s\u00f5idetakse kokku sellel aastal tervelt kolm korda, siis otsustasid&hellip;<\/p>\n","protected":false},"author":1,"featured_media":2202,"comment_status":"closed","ping_status":"open","sticky":false,"template":"","format":"standard","meta":{"footnotes":""},"categories":[76],"tags":[],"class_list":["post-2189","post","type-post","status-publish","format-standard","has-post-thumbnail","hentry","category-estrx-est"],"_links":{"self":[{"href":"https:\/\/estrx.eu\/en\/wp-json\/wp\/v2\/posts\/2189","targetHints":{"allow":["GET"]}}],"collection":[{"href":"https:\/\/estrx.eu\/en\/wp-json\/wp\/v2\/posts"}],"about":[{"href":"https:\/\/estrx.eu\/en\/wp-json\/wp\/v2\/types\/post"}],"author":[{"embeddable":true,"href":"https:\/\/estrx.eu\/en\/wp-json\/wp\/v2\/users\/1"}],"replies":[{"embeddable":true,"href":"https:\/\/estrx.eu\/en\/wp-json\/wp\/v2\/comments?post=2189"}],"version-history":[{"count":1,"href":"https:\/\/estrx.eu\/en\/wp-json\/wp\/v2\/posts\/2189\/revisions"}],"predecessor-version":[{"id":31679,"href":"https:\/\/estrx.eu\/en\/wp-json\/wp\/v2\/posts\/2189\/revisions\/31679"}],"wp:featuredmedia":[{"embeddable":true,"href":"https:\/\/estrx.eu\/en\/wp-json\/"}],"wp:attachment":[{"href":"https:\/\/estrx.eu\/en\/wp-json\/wp\/v2\/media?parent=2189"}],"wp:term":[{"taxonomy":"category","embeddable":true,"href":"https:\/\/estrx.eu\/en\/wp-json\/wp\/v2\/categories?post=2189"},{"taxonomy":"post_tag","embeddable":true,"href":"https:\/\/estrx.eu\/en\/wp-json\/wp\/v2\/tags?post=2189"}],"curies":[{"name":"wp","href":"https:\/\/api.w.org\/{rel}","templated":true}]}}