{"id":19679,"date":"2019-09-03T05:54:32","date_gmt":"2019-09-03T07:54:32","guid":{"rendered":"https:\/\/rallikross.ee\/?p=19679"},"modified":"2022-02-04T11:58:31","modified_gmt":"2022-02-04T08:58:31","slug":"emv-finaaletapile-registreerunute-nimekiri","status":"publish","type":"post","link":"https:\/\/estrx.eu\/en\/emv-finaaletapile-registreerunute-nimekiri\/","title":{"rendered":"EMV finaaletapil v\u00f5istlev Ken Torn: &#8220;Eks v\u00e4ike aukartus on ikka mees mehe vastu v\u00f5istlemise ees.&#8221; Lisatud kogu stardinimekiri"},"content":{"rendered":"\n\t\t\t\t\n<p>Olerex Eesti meistriv\u00f5istlused rallikrossis 2019 finaaletapp toimub 7. septembril Tartumaal Kulbilohu rallikrossirajal. M\u00f5\u00f5tu v\u00f5etakse neljas v\u00f5istlusklassis, millest kahel peetakse eraldi arvestust ka juunioride \u00fcle. 4. september kell 13.30 seisuga on finaalile registreerunud 55 s\u00f5itjat.<\/p>\n\n\n\n<p>Mitmete Eesti rallikrossitippude k\u00f5rval pakuvad finaaletapil krosskartide klassis konkurentsi ka kaks Eesti nimekat rallis\u00f5itjat &#8211; Ken Torn ja Gregor Jeets &#8211; m\u00f5lemad s\u00f5idavad autorallis nii Eesti kui ka Euroopa meistriv\u00f5istluste sarja.<\/p>\n\n\n\n<p>&#8220;Kuna autosport meeldib, siis v\u00f5imaluse tekkides proovin meeleldi ka teisi autospordialasid. N\u00fc\u00fcd avaneski hea v\u00f5imalus m\u00f5\u00f5tu v\u00f5tta rallikrossis ning kuna aeg ka sobis, siis otsustasin starti tulla,&#8221; kommenteerib oma rallikrossideb\u00fc\u00fcti Ken Torn. &#8220;Ega seal midagi lihtsat ei ole &#8211; k\u00f5ik, kes on joone peal, on v\u00e4ga vihased v\u00f5istlejad. V\u00f5in ausalt \u00f6elda, et ka v\u00e4ike aukartus on mees mehe vastu v\u00f5istlemise ees.&#8221; K\u00f5ige l\u00e4hedasem kogemus rallikrossile on Tornil p\u00e4rit kardirajalt, kuid mees t\u00f5deb, et see on ikka natuke teistsugune asi. Ka rallit on s\u00f5idetud n\u00f6 mees mehe vastu, aga seal on teine v\u00f5istleja ikka oma rajal ning konkreetselt k\u00fclje alla tulla ei saa.<\/p>\n\n\n\n<h2 class=\"wp-block-heading\">Supercar<\/h2>\n\n\n\n<ol class=\"wp-block-list\"><li>Ainar ARULA (Lepp Motorsport) Mitsubishi Lancer Evolution<\/li><li>Jevgeni BADMAJEV (Reinsalu Sport) Ford Fiesta MK7<\/li><li>Henri KALMIST (Lepp Motorsport) Mitsubishi Lancer Evolution<\/li><li>Andre KURG (Reinsalu Sport) Ford Fiesta MK7<\/li><li>Roland MURAKAS (Reinsalu Sport) Ford Fiesta MK7<\/li><li>Seido N\u00d5MMK\u00dcLA (Lepp Motorsport) Peugeot 207<\/li><li>Raini ROOMETS (Lepp Motorsport) \u0160koda Fabia<\/li><li><\/li><\/ol>\n\n\n\n<h2 class=\"wp-block-heading\">Super1600<\/h2>\n\n\n\n<ol class=\"wp-block-list\"><li>Gleb BOGDANOV (Yellow Racing) Lada Kalina<\/li><li>Arvo KASK (Yellow Racing) \u0160koda Fabia<\/li><li>Janno LIGUR (Ligur Racing) \u0160koda Fabia<\/li><li>Riho LOIT (Reinsalu Sport) Honda Civic<\/li><li>Aivo OJALA (Milrem Motorsport) Honda Civic<\/li><li>Georg ORR (Tikkri Motorsport) Peugeot 206<\/li><li>T\u00f5nu PEEK (Lepp Motorsport) Renault Clio<\/li><li>Toni REUNANEN (Reinsalu Sport) Ford Ka<\/li><li>Siim SALURI (RS Racing Team) Citroen C2<\/li><li>Mihhail SIMONOV (TT Motorsport) Renault Clio<\/li><li>Gabriel TAMM (Ligur Racing) Lada Samara<\/li><li>Mihkel Varul (Ligur Racing) Peugeot 206<\/li><li>Janno \u00d5IS (V\u00e4ndra TSK) Honda Civic<\/li><\/ol>\n\n\n\n<h2 class=\"wp-block-heading\">Junior1600<\/h2>\n\n\n\n<ol class=\"wp-block-list\"><li>Andreas Aulik (Ligur Racing) Volkswagen Golf<\/li><li>Martin JUGA (Cueks Racing) Lada Samara<\/li><li>Marko Andreas MURU (Erki Sport) Honda Civic<\/li><li>Karl-Kenneth NEUHAUS (Cueks Racing) Honda Civic<\/li><li>Romet REISIN (A1M Motorsport) Honda Civic<\/li><\/ol>\n\n\n\n<h2 class=\"wp-block-heading\">Touringcar<\/h2>\n\n\n\n<ol class=\"wp-block-list\"><li>Kristaps GRUNTE (Vagi Racing) BMW 120RX<\/li><li>Andreas ARUAAS (Yellow Racing) Ford Fiesta<\/li><li>Alo HINTSER (Yellow Racing) BMW 318 IS<\/li><li>Andrus KARU (Yellow Racing) Ford Fiesta<\/li><li>Stein KARU (Yellow Racing) BMW 318 IS<\/li><li>Martti M\u00c4ND (Yellow Racing) BMW 318 IS<\/li><li>Henri PUHMAS (Erki Sport) Audi 80<\/li><li>Rommi PUKK (Ligur Racing) BMW 120<\/li><li>Rauno RAPPU (Yellow Racing) Lada 2106<\/li><li>Priit REBANE (Yellow Racing) Citroen DS3<\/li><li>Margo SOOMETS (Ligur Racing) Ford Fiesta<\/li><li>Siim S\u00dcNDEMA (Tikkri Motorsport) Ford Fiesta<\/li><li>Kalmer VAHT (Reinsalu Sport) Lada 2105<\/li><\/ol>\n\n\n\n<h2 class=\"wp-block-heading\">Crosskart Xtreme<\/h2>\n\n\n\n<ol class=\"wp-block-list\"><li>Markus ABRAM (-) Speedcar Xtreme<\/li><li>Allan KAKRI (CKR Estonia) Speedcar Xtreme<\/li><li>Andre KIIL (ALM Motorsport) Speedcar Xtreme<\/li><li>Kristo K\u00dcTT (CKR Estonia) Speedcar Xtreme<\/li><li>Janar MUTTIK (CKR Estonia) Speedcar Xtreme<\/li><li>Vahur M\u00c4ESALU (Reinsalu Sport) Speedcar Xtreme<\/li><li>Kenneth POHL (CKR Estonia) Speedcar Xtreme<\/li><li>Eero N\u00d5GENE (CKR Estonia) Speedcar Xtreme<\/li><li>T\u00f5nis RAIDE (CKR Estonia) Speedcar Xtreme<\/li><li>Toomas SEPP (Sar-Tech Motorsport) Speedcar Xtreme<\/li><li>Liis TALIVERE (Reinsalu Sport) Speedcar Xtreme<\/li><li>Ken TORN (CKR Estonia) Speedcar Xtreme<\/li><\/ol>\n\n\n\n<h2 class=\"wp-block-heading\">Crosskart Xtreme Junior<\/h2>\n\n\n\n<ol class=\"wp-block-list\"><li>Gregor JEETS (Tehase Auto) Speedcar Xtreme<\/li><li>Robert KUTSAR (CKR Estonia) Speedcar Xtreme<\/li><li>Armin-Marlon M\u00c4NGEL (CKR Estonia) Speedcar Xtreme<\/li><li>Joosep Ralf N\u00d5GENE (CKR Estonia) Speedcar Xtreme<\/li><li>Sander SEPP (CKR Estonia) Speedcar Xtreme<\/li><\/ol>\n\n\n\n<h3 class=\"wp-block-heading\"><strong>Millal algab v\u00f5istlus ja kuidas j\u00f5uda Kulbilohu rallikrossirajale? K\u00f5ik vastused v\u00f5istluse kohta leiad <a href=\"https:\/\/rallikross.ee\/voistlus\/olerex-emv-rallikrossis-2019-4-etapp\/\">SIIT<\/a>.<\/strong><\/h3>\n\n\n\n<figure class=\"wp-block-image\"><img decoding=\"async\" src=\"https:\/\/rallikross.ee\/wp-content\/uploads\/2019\/03\/cover_2019-1024x392.png\" alt=\"\" class=\"wp-image-13975\"\/><\/figure>\n\n\n<p><!--EndFragment--><\/p>\n<p><\/p>\t\t","protected":false},"excerpt":{"rendered":"<p>Olerex Eesti meistriv\u00f5istlused rallikrossis 2019 finaaletapp toimub 7. septembril Tartumaal Kulbilohu rallikrossirajal. M\u00f5\u00f5tu v\u00f5etakse neljas v\u00f5istlusklassis, millest kahel peetakse eraldi arvestust ka&hellip;<\/p>\n","protected":false},"author":1,"featured_media":15149,"comment_status":"closed","ping_status":"open","sticky":false,"template":"","format":"standard","meta":{"footnotes":""},"categories":[83],"tags":[262,182,236,183,237,313,117,94,253,99,92,110,105,260,106],"class_list":["post-19679","post","type-post","status-publish","format-standard","has-post-thumbnail","hentry","category-uudised","tag-262","tag-crosskart-xtreme","tag-crosskart-xtreme-junior","tag-elva","tag-estrx","tag-finaal","tag-junior1600","tag-kulbilohu","tag-olerex","tag-olerex-emv-rallikrossis","tag-rallikross","tag-super1600","tag-supercar","tag-tartu","tag-touringcar"],"_links":{"self":[{"href":"https:\/\/estrx.eu\/en\/wp-json\/wp\/v2\/posts\/19679","targetHints":{"allow":["GET"]}}],"collection":[{"href":"https:\/\/estrx.eu\/en\/wp-json\/wp\/v2\/posts"}],"about":[{"href":"https:\/\/estrx.eu\/en\/wp-json\/wp\/v2\/types\/post"}],"author":[{"embeddable":true,"href":"https:\/\/estrx.eu\/en\/wp-json\/wp\/v2\/users\/1"}],"replies":[{"embeddable":true,"href":"https:\/\/estrx.eu\/en\/wp-json\/wp\/v2\/comments?post=19679"}],"version-history":[{"count":1,"href":"https:\/\/estrx.eu\/en\/wp-json\/wp\/v2\/posts\/19679\/revisions"}],"predecessor-version":[{"id":30939,"href":"https:\/\/estrx.eu\/en\/wp-json\/wp\/v2\/posts\/19679\/revisions\/30939"}],"wp:featuredmedia":[{"embeddable":true,"href":"https:\/\/estrx.eu\/en\/wp-json\/"}],"wp:attachment":[{"href":"https:\/\/estrx.eu\/en\/wp-json\/wp\/v2\/media?parent=19679"}],"wp:term":[{"taxonomy":"category","embeddable":true,"href":"https:\/\/estrx.eu\/en\/wp-json\/wp\/v2\/categories?post=19679"},{"taxonomy":"post_tag","embeddable":true,"href":"https:\/\/estrx.eu\/en\/wp-json\/wp\/v2\/tags?post=19679"}],"curies":[{"name":"wp","href":"https:\/\/api.w.org\/{rel}","templated":true}]}}