{"id":13643,"date":"2019-01-28T10:46:26","date_gmt":"2019-01-28T12:46:26","guid":{"rendered":"http:\/\/rallikross.ee\/?p=13643"},"modified":"2022-02-04T11:59:14","modified_gmt":"2022-02-04T08:59:14","slug":"super1600-eesti-meister-2018-andre-kurg-usun-et-sel-hooajal-selgitatakse-meistrid-valja-alles-viimasel-etapil","status":"publish","type":"post","link":"https:\/\/estrx.eu\/en\/super1600-eesti-meister-2018-andre-kurg-usun-et-sel-hooajal-selgitatakse-meistrid-valja-alles-viimasel-etapil\/","title":{"rendered":"Super1600 Eesti meister 2018 \u2013 Andre Kurg: \u201cUsun, et sel hooajal selgitatakse meistrid v\u00e4lja alles viimasel etapil\u201d"},"content":{"rendered":"<p>\t\t\t\t<strong>Millised on plaanid j\u00e4rgmiseks hooajaks?<\/strong><\/p>\n<p>Tulevase hooaja \u00fcheks eesm\u00e4rgiks on startida Riia EM-etapil ning hetkel ongi auto T\u0161ehhis, kus pannakse peale Euroopa meistriv\u00f5istluste sarjas lubatud \u00fche kindla tootja mootori juhtaju. Kuna elektris\u00fcsteemi vahetus on meie jaoks praegu m\u00e4rkimisv\u00e4\u00e4rne v\u00e4ljaminek, siis kartsime, et rahalises m\u00f5ttes t\u00e4navu Eesti meistrisarja kaasa teha ei kannata. \u00d5nneks on aga uuel hooajal EMV sarjas kavas vaid 5 etapp ning nii plaanimegi ikkagi kogu hooaja ka kodumaal kaasa teha.<\/p>\n<p><strong>Kas peale Riias toimuva EM-etapi plaanid ka mujale v\u00e4lja s\u00f5itma minna?<\/strong><\/p>\n<p>M\u00f5tleme L\u00e4ti MV sarja Bikernieki etapil s\u00f5itmise peale, et m\u00f5ni kuu hiljem samal rajal toimuval L\u00e4ti EM-etapil heas hoos olla. Juhul, kui eelarve t\u00e4itmine sujub oodatust paremini, tahaks osaleda ka Saksa EM-etapil.<\/p>\n<p><strong>Kas autoga on plaanis veel uuendusi, peale uue aju?<\/strong><\/p>\n<p>Kuna meil on hetkel juhtaju tarne venimise t\u00f5ttu arendustes mitme kuu pikkune seisak, siis ilmselt ei j\u00f5ua me mingeid kiirust juurde andvaid muudatusi teha. Eks lahti v\u00f5tame ikka\u00a0\u2013 puhastame ja v\u00e4rvime \u2013 aga kiirusele see kuidagi ei m\u00f5ju.<\/p>\n<p><strong>Eelmisel hooajal s\u00f5itsid viimase etapi Supercar klassis. Kas plaanid ka sel hooajal nelikveolisega rajale tulla?<\/strong><\/p>\n<p>Ei oska \u00f6elda, kas avaneb v\u00f5imalus. Kuna etappe v\u00e4hem, siis on v\u00e4ga v\u00e4het\u00f5en\u00e4oline, et nelja etapiga keegi meistritiitli v\u00f5i muu positsiooni kindlustatud saab. Pigem usun, et sel hooajal selgitatakse meistrid v\u00e4lja alles viimasel \u2013 viiendal etapil. Aga eks see s\u00f5ltub muidugi ka sellest, kes ja millise tehnikaga rajal on. Mina ikka loodan, et k\u00f5ik meie tipud on kohal\u00a0\u2013 siis on huvitavam!<\/p>\n<p><strong>Mida ootad s\u00fcdasuviselt etapilt Saaremaal?<\/strong><\/p>\n<p>Ei oska midagi oodata\u00a0\u2013 pole kursis, mis seal t\u00e4pselt toimuma hakkab \ud83d\ude42 Autot l\u00f5hub sealne asfalt kindlasti k\u00f5vasti v\u00e4hem, kui n\u00e4iteks Vasalemma rada oma suurte kividega. Asfaldipinnas on kindlasti tehnikas\u00f5bralikum, mis on piiratud eelarvete puhul mingis m\u00f5ttes isegi heaks aspektiks. Samas kui sinna m\u00f5ni suurem h\u00fcpe tuleb, siis teeb ikka sama v\u00e4lja. \u00dcldiselt arvan, et radade valik on hea\u00a0\u2013 isegi, kui t\u00e4navu kalendrist v\u00e4lja j\u00e4\u00e4nud Misso on minu kodule l\u00e4him rada, siis sealne liiga pehme rajakate koos teele tekkivate r\u00f6\u00f6bastega teeb konkurentidest m\u00f6\u00f6dumise v\u00e4ga keeruliseks.<\/p>\n<p><strong>Loe ka:<\/strong> <a href=\"http:\/\/rallikross.ee\/uus-hooaeg-ullatab-sudasuvise-etapiga-saaremaal\/\" target=\"_blank\" rel=\"noopener\">Uus hooaeg \u00fcllatab s\u00fcdasuvise etapiga Saaremaal<\/a><\/p>\n<p><strong>Olerex Eesti meistriv\u00f5istlused rallikrossis 2019:<\/strong><\/p>\n<ul>\n<li>20. aprill \u2013 treeningp\u00e4ev \u2013 Kulbilohu (Tartumaa)<\/li>\n<li>11. mai \u2013 1. etapp \u2013 Kulbilohu (Tartumaa)<\/li>\n<li>8. juuni \u2013 2. etapp \u2013 Vasalemma (Harjumaa)<\/li>\n<li>22. juuni \u2013 3. etapp \u2013 Kuressaare (Saaremaa)<\/li>\n<li>10. august \u2013 4. etapp \u2013 Kehala (L\u00e4\u00e4ne-Virumaa)<\/li>\n<li>7. september \u2013 5. etapp \u2013 Kulbilohu (Tartumaa)<\/li>\n<\/ul>\n<p>Foto (Marko Leesi): Andre Kurg (\u0160koda Fabia) v\u00f5itlemas esikoha nimel. K\u00f5rval Gleb Bogdanov.\t\t<\/p>\n","protected":false},"excerpt":{"rendered":"<p>Millised on plaanid j\u00e4rgmiseks hooajaks? Tulevase hooaja \u00fcheks eesm\u00e4rgiks on startida Riia EM-etapil ning hetkel ongi auto T\u0161ehhis, kus pannakse peale Euroopa&hellip;<\/p>\n","protected":false},"author":1,"featured_media":13644,"comment_status":"closed","ping_status":"open","sticky":false,"template":"","format":"standard","meta":{"footnotes":""},"categories":[83],"tags":[262,217,183,237,172,208,94,265,99,266,110,260,128],"class_list":["post-13643","post","type-post","status-publish","format-standard","has-post-thumbnail","hentry","category-uudised","tag-262","tag-andre-kurg","tag-elva","tag-estrx","tag-kehala","tag-kehala-ring","tag-kulbilohu","tag-kuressaare","tag-olerex-emv-rallikrossis","tag-saaremaa","tag-super1600","tag-tartu","tag-vasalemma"],"_links":{"self":[{"href":"https:\/\/estrx.eu\/en\/wp-json\/wp\/v2\/posts\/13643","targetHints":{"allow":["GET"]}}],"collection":[{"href":"https:\/\/estrx.eu\/en\/wp-json\/wp\/v2\/posts"}],"about":[{"href":"https:\/\/estrx.eu\/en\/wp-json\/wp\/v2\/types\/post"}],"author":[{"embeddable":true,"href":"https:\/\/estrx.eu\/en\/wp-json\/wp\/v2\/users\/1"}],"replies":[{"embeddable":true,"href":"https:\/\/estrx.eu\/en\/wp-json\/wp\/v2\/comments?post=13643"}],"version-history":[{"count":1,"href":"https:\/\/estrx.eu\/en\/wp-json\/wp\/v2\/posts\/13643\/revisions"}],"predecessor-version":[{"id":30988,"href":"https:\/\/estrx.eu\/en\/wp-json\/wp\/v2\/posts\/13643\/revisions\/30988"}],"wp:featuredmedia":[{"embeddable":true,"href":"https:\/\/estrx.eu\/en\/wp-json\/"}],"wp:attachment":[{"href":"https:\/\/estrx.eu\/en\/wp-json\/wp\/v2\/media?parent=13643"}],"wp:term":[{"taxonomy":"category","embeddable":true,"href":"https:\/\/estrx.eu\/en\/wp-json\/wp\/v2\/categories?post=13643"},{"taxonomy":"post_tag","embeddable":true,"href":"https:\/\/estrx.eu\/en\/wp-json\/wp\/v2\/tags?post=13643"}],"curies":[{"name":"wp","href":"https:\/\/api.w.org\/{rel}","templated":true}]}}